{"id":49434,"date":"2025-02-18T09:50:19","date_gmt":"2025-02-18T07:50:19","guid":{"rendered":"https:\/\/curatorial.ro\/uncategorized-en\/love-in-amzei-concrete-love-photo-gallery\/"},"modified":"2025-02-18T09:50:19","modified_gmt":"2025-02-18T07:50:19","slug":"love-in-amzei-concrete-love-photo-gallery","status":"publish","type":"post","link":"https:\/\/curatorial.ro\/en\/art\/love-in-amzei-concrete-love-photo-gallery\/","title":{"rendered":"Love in Amzei &#8211; Concrete Love \/ photo gallery"},"content":{"rendered":"<p>A new edition of the &#8220;Love in Amzei&#8221; project, organized by Mobius Gallery and The Institute, features works from the collections of Avi Cicirean and Alexandru Rus.<\/p>\n<p>Under the title &#8220;Concrete Love&#8221;, the two spaces in Amzei Square display works created between 1970 and 2024 by Romanian and foreign artists.<\/p>\n<p>From the Cicirean collection are exhibited Apparatus 22, Horia Damian, Szilard Gaspar, Ion Grigorescu, Alex Mirutziu, Giuliano Nardin, Radu Pandele, Roman Tolici and Ecaterina Vrana, and from the Rus collection &#8211; artists Imre Ba\u00e1sz, Drago\u0219 B\u0103di\u021b\u0103, Zolt\u00e1n B\u00e9la, Carmen Calvo, Matei L\u0103z\u0103rescu, L\u00e1szl\u00f3 M\u00e9hes, Ma\u00ef, Yehuda Neiman, Nicolae Ovejan, Radu Pandele, Corina P\u0103curar, Jules Perahim, Gheorghe Rasovszky, Eugen Ro\u0219ca, Roberto \u00c1lvarez R\u00edos, Ioana Stanca, Sabina Suru, Roman Tolici, Magda (Vitalyos) Ziman.<\/p>\n<p>Their work, collected over 15 years, explores different manifestations of love and different mediums &#8211; from photography to painting, from textile art to sculpture.<\/p>\n<p>The exhibition is open until March 1, four days a week, from Wednesday to Saturday, from 16:00 to 20:00.<\/p>\n<div id=\"attachment_49402\" style=\"width: 1310px\" class=\"wp-caption alignnone\"><img loading=\"lazy\" decoding=\"async\" aria-describedby=\"caption-attachment-49402\" class=\"size-full wp-image-49402\" src=\"https:\/\/curatorial.ro\/wp-content\/uploads\/2025\/02\/Gaspar-Grigorescu-Tolici-love-in-amzei-curatorial.jpg\" alt=\"gaspar, grigorescu, tolici, love in amzei, curatorial\" width=\"1300\" height=\"975\" srcset=\"https:\/\/curatorial.ro\/wp-content\/uploads\/2025\/02\/Gaspar-Grigorescu-Tolici-love-in-amzei-curatorial.jpg 1300w, https:\/\/curatorial.ro\/wp-content\/uploads\/2025\/02\/Gaspar-Grigorescu-Tolici-love-in-amzei-curatorial-480x360.jpg 480w, https:\/\/curatorial.ro\/wp-content\/uploads\/2025\/02\/Gaspar-Grigorescu-Tolici-love-in-amzei-curatorial-975x731.jpg 975w, https:\/\/curatorial.ro\/wp-content\/uploads\/2025\/02\/Gaspar-Grigorescu-Tolici-love-in-amzei-curatorial-768x576.jpg 768w\" sizes=\"auto, (max-width: 1300px) 100vw, 1300px\" \/><p id=\"caption-attachment-49402\" class=\"wp-caption-text\">Works by Szilard Gaspar, Ion Grigorescu and Roman Tolici, curatorial<\/p><\/div>\n<div id=\"attachment_49408\" style=\"width: 1310px\" class=\"wp-caption alignnone\"><img loading=\"lazy\" decoding=\"async\" aria-describedby=\"caption-attachment-49408\" class=\"size-full wp-image-49408\" src=\"https:\/\/curatorial.ro\/wp-content\/uploads\/2025\/02\/Love-in-Amzei-februarie-2025-curatorial.jpg\" alt=\"love in amzei february 2025, curatorial\" width=\"1300\" height=\"826\" srcset=\"https:\/\/curatorial.ro\/wp-content\/uploads\/2025\/02\/Love-in-Amzei-februarie-2025-curatorial.jpg 1300w, https:\/\/curatorial.ro\/wp-content\/uploads\/2025\/02\/Love-in-Amzei-februarie-2025-curatorial-567x360.jpg 567w, https:\/\/curatorial.ro\/wp-content\/uploads\/2025\/02\/Love-in-Amzei-februarie-2025-curatorial-1150x731.jpg 1150w, https:\/\/curatorial.ro\/wp-content\/uploads\/2025\/02\/Love-in-Amzei-februarie-2025-curatorial-768x488.jpg 768w\" sizes=\"auto, (max-width: 1300px) 100vw, 1300px\" \/><p id=\"caption-attachment-49408\" class=\"wp-caption-text\">Works by Roman Tolici, Horia Damian and Giuliano Nardin, curatorial<\/p><\/div>\n<div id=\"attachment_49404\" style=\"width: 1310px\" class=\"wp-caption alignnone\"><img loading=\"lazy\" decoding=\"async\" aria-describedby=\"caption-attachment-49404\" class=\"size-full wp-image-49404\" src=\"https:\/\/curatorial.ro\/wp-content\/uploads\/2025\/02\/Love-in-Amzei-2025-curatorial.jpg\" alt=\"love in amzei 2025, curatorial\" width=\"1300\" height=\"975\" srcset=\"https:\/\/curatorial.ro\/wp-content\/uploads\/2025\/02\/Love-in-Amzei-2025-curatorial.jpg 1300w, https:\/\/curatorial.ro\/wp-content\/uploads\/2025\/02\/Love-in-Amzei-2025-curatorial-480x360.jpg 480w, https:\/\/curatorial.ro\/wp-content\/uploads\/2025\/02\/Love-in-Amzei-2025-curatorial-975x731.jpg 975w, https:\/\/curatorial.ro\/wp-content\/uploads\/2025\/02\/Love-in-Amzei-2025-curatorial-768x576.jpg 768w\" sizes=\"auto, (max-width: 1300px) 100vw, 1300px\" \/><p id=\"caption-attachment-49404\" class=\"wp-caption-text\">Love in Amzei 2025, curatorial<\/p><\/div>\n<div id=\"attachment_49406\" style=\"width: 1310px\" class=\"wp-caption alignnone\"><img loading=\"lazy\" decoding=\"async\" aria-describedby=\"caption-attachment-49406\" class=\"size-full wp-image-49406\" src=\"https:\/\/curatorial.ro\/wp-content\/uploads\/2025\/02\/Magda-Ziman-The-Sea-1989-curatorial.jpg\" alt=\"magda ziman, the sea, 1989, curatorial\" width=\"1300\" height=\"921\" srcset=\"https:\/\/curatorial.ro\/wp-content\/uploads\/2025\/02\/Magda-Ziman-The-Sea-1989-curatorial.jpg 1300w, https:\/\/curatorial.ro\/wp-content\/uploads\/2025\/02\/Magda-Ziman-The-Sea-1989-curatorial-508x360.jpg 508w, https:\/\/curatorial.ro\/wp-content\/uploads\/2025\/02\/Magda-Ziman-The-Sea-1989-curatorial-1032x731.jpg 1032w, https:\/\/curatorial.ro\/wp-content\/uploads\/2025\/02\/Magda-Ziman-The-Sea-1989-curatorial-768x544.jpg 768w\" sizes=\"auto, (max-width: 1300px) 100vw, 1300px\" \/><p id=\"caption-attachment-49406\" class=\"wp-caption-text\">Magda (Vitalyos) Ziman, The Sea, 1989, curatorial<\/p><\/div>\n","protected":false},"excerpt":{"rendered":"<p>A new edition of the &#8220;Love in Amzei&#8221; project, organized by Mobius Gallery and The Institute, features works from the collections of Avi Cicirean and Alexandru Rus. Under the title &#8220;Concrete Love&#8221;, the two spaces in Amzei Square display works [&hellip;]<\/p>\n","protected":false},"author":6,"featured_media":49411,"comment_status":"closed","ping_status":"closed","sticky":false,"template":"","format":"standard","meta":{"_seopress_robots_primary_cat":"none","_seopress_titles_title":"","_seopress_titles_desc":"","_seopress_robots_index":"","footnotes":""},"categories":[6965],"tags":[7198,7048,7197],"class_list":{"0":"post-49434","1":"post","2":"type-post","3":"status-publish","4":"format-standard","5":"has-post-thumbnail","7":"category-art","8":"tag-amzei-creative-corner-en","9":"tag-exhibition","10":"tag-mobius-gallery-en"},"_links":{"self":[{"href":"https:\/\/curatorial.ro\/en\/wp-json\/wp\/v2\/posts\/49434","targetHints":{"allow":["GET"]}}],"collection":[{"href":"https:\/\/curatorial.ro\/en\/wp-json\/wp\/v2\/posts"}],"about":[{"href":"https:\/\/curatorial.ro\/en\/wp-json\/wp\/v2\/types\/post"}],"author":[{"embeddable":true,"href":"https:\/\/curatorial.ro\/en\/wp-json\/wp\/v2\/users\/6"}],"replies":[{"embeddable":true,"href":"https:\/\/curatorial.ro\/en\/wp-json\/wp\/v2\/comments?post=49434"}],"version-history":[{"count":0,"href":"https:\/\/curatorial.ro\/en\/wp-json\/wp\/v2\/posts\/49434\/revisions"}],"wp:featuredmedia":[{"embeddable":true,"href":"https:\/\/curatorial.ro\/en\/wp-json\/wp\/v2\/media\/49411"}],"wp:attachment":[{"href":"https:\/\/curatorial.ro\/en\/wp-json\/wp\/v2\/media?parent=49434"}],"wp:term":[{"taxonomy":"category","embeddable":true,"href":"https:\/\/curatorial.ro\/en\/wp-json\/wp\/v2\/categories?post=49434"},{"taxonomy":"post_tag","embeddable":true,"href":"https:\/\/curatorial.ro\/en\/wp-json\/wp\/v2\/tags?post=49434"}],"curies":[{"name":"wp","href":"https:\/\/api.w.org\/{rel}","templated":true}]}}