{"id":50777,"date":"2025-03-28T16:00:35","date_gmt":"2025-03-28T14:00:35","guid":{"rendered":"https:\/\/curatorial.ro\/uncategorized-en\/monumental-ensemble-calea-eroilor-by-brancusi-gets-restored\/"},"modified":"2025-03-28T16:00:35","modified_gmt":"2025-03-28T14:00:35","slug":"monumental-ensemble-calea-eroilor-by-brancusi-gets-restored","status":"publish","type":"post","link":"https:\/\/curatorial.ro\/en\/art\/monumental-ensemble-calea-eroilor-by-brancusi-gets-restored\/","title":{"rendered":"Monumental ensemble \u201cCalea Eroilor\u201d by Br\u00e2ncu\u0219i gets restored"},"content":{"rendered":"<p>The elaboration of the conservation-restoration project of the artistic components of the Monumental Ensemble \u2018Calea Eroilor\/ Heroes Way\u2019 by Constantin Brancusi has been initiated.<\/p>\n<p>The announcement was made in T\u00e2rgu Jiu by Culture Minister Natalia-Elena Intotero. &#8220;We are resuming this endeavour with determination and responsibility, launching through the National Heritage Institute a new public procurement procedure to ensure the conservation and transmission of Br\u00e2ncu\u0219i&#8217;s works to future generations. We are counting on the collaboration of all parties involved and we are confident that, through a joint effort, in 2026 Br\u00e2ncu\u0219i&#8217;s works will be showcased to their true value, thus honouring him with the tribute he deserves,&#8221; said the Minister.  <\/p>\n<p>The estimated value of the procedure is 363,137 lei excluding VAT, and the deadline for preparing the documentation is four months.<\/p>\n<p>&#8220;The procedure, open to national and international bidders, aims to restore and conserve the artistic components of the ensemble. The deadline for submitting bids will be 15 days and the project will take four months from the signing of the contract. If there are no bidders, a call for solutions will be organised,&#8221; explained Oana Zaharia, acting manager of the National Heritage Institute (INP).  <\/p>\n<p>In 2013, the INP funded restoration works on the artistic stone components of the \u2018Poarta S\u0103rutului\u2019, and in 2023 it reintroduced the ensemble into the National Restoration Programme. However, public procurement procedures for the design services were cancelled due to lack of bidders. <\/p>\n<p>In 2026, the 150th anniversary of the sculptor&#8217;s birth will be celebrated, and this has been designated the National Br\u00e2ncu\u0219i Year.<\/p>\n<div class=\"eltdf-post-text-main\">\n<h2><strong>About the monumental ensemble \u2018Heroes&#8217; Way\u2019<\/strong><\/h2>\n<div class=\"eltdf-post-text-main\">\n<p>The monumental ensemble \u2018Calea Eroilor\u2019 by Constantin Br\u00e2ncu\u0219i was erected gradually between 1937 and 1938, and includes the \u2018Endless Column\u2019, dedicated to the heroes who fell in 1916 on the banks of the River Ji, the \u2018Gate of the Kiss\u2019 and the \u2018Table of Silence\u2019, radially surrounded by 12 round chairs, complemented by another 30 chairs with square tops, all placed directly on the ground, as a natural plinth.<\/p>\n<p>It spans from west to east, starting from the banks of the river Ji in the Central Park, where the stone works &#8211; the \u201cTable of Silence\u201d, \u201cAlley of the Seats\u201d and \u201cGate of the Kiss\u201d &#8211; are located, continuing along the Heroes&#8217; Way, where the Church of the Holy Apostles is located, and culminating with the \u201cEndless Column\u201d, made of cast iron and steel, erected in the middle of a park on a promontory.<\/p>\n<p>The ensemble was commissioned by the National League of Women from Gorj, chaired by Arethia T\u0103t\u0103rescu, wife of Gheorghe T\u0103t\u0103rescu, Romania&#8217;s Prime Minister, and donated to the city \u2018to honour the memory of the heroes from Gorj who sacrificed their lives in the War of Reintegration\u2019.<br \/>\nIt was inaugurated on 27 October 1938.<\/p>\n<p>The monumental ensemble \u2018Calea Eroilor\u2019 from Targu Jiu and the Frontiers of the Roman Empire &#8211; Dacia have received in summer 2024 the acceptance to be included in the UNESCO World Heritage List.<\/p>\n<\/div>\n<\/div>\n","protected":false},"excerpt":{"rendered":"<p>The elaboration of the conservation-restoration project of the artistic components of the Monumental Ensemble \u2018Calea Eroilor\/ Heroes Way\u2019 by Constantin Brancusi has been initiated. The announcement was made in T\u00e2rgu Jiu by Culture Minister Natalia-Elena Intotero. &#8220;We are resuming this [&hellip;]<\/p>\n","protected":false},"author":5,"featured_media":49153,"comment_status":"closed","ping_status":"closed","sticky":false,"template":"","format":"standard","meta":{"_seopress_robots_primary_cat":"none","_seopress_titles_title":"","_seopress_titles_desc":"","_seopress_robots_index":"","footnotes":""},"categories":[6965],"tags":[7324,7058,7323],"class_list":{"0":"post-50777","1":"post","2":"type-post","3":"status-publish","4":"format-standard","5":"has-post-thumbnail","7":"category-art","8":"tag-calea-eroilor-en","9":"tag-constantin-brancusi-en","10":"tag-restaurare-en"},"_links":{"self":[{"href":"https:\/\/curatorial.ro\/en\/wp-json\/wp\/v2\/posts\/50777","targetHints":{"allow":["GET"]}}],"collection":[{"href":"https:\/\/curatorial.ro\/en\/wp-json\/wp\/v2\/posts"}],"about":[{"href":"https:\/\/curatorial.ro\/en\/wp-json\/wp\/v2\/types\/post"}],"author":[{"embeddable":true,"href":"https:\/\/curatorial.ro\/en\/wp-json\/wp\/v2\/users\/5"}],"replies":[{"embeddable":true,"href":"https:\/\/curatorial.ro\/en\/wp-json\/wp\/v2\/comments?post=50777"}],"version-history":[{"count":0,"href":"https:\/\/curatorial.ro\/en\/wp-json\/wp\/v2\/posts\/50777\/revisions"}],"wp:featuredmedia":[{"embeddable":true,"href":"https:\/\/curatorial.ro\/en\/wp-json\/wp\/v2\/media\/49153"}],"wp:attachment":[{"href":"https:\/\/curatorial.ro\/en\/wp-json\/wp\/v2\/media?parent=50777"}],"wp:term":[{"taxonomy":"category","embeddable":true,"href":"https:\/\/curatorial.ro\/en\/wp-json\/wp\/v2\/categories?post=50777"},{"taxonomy":"post_tag","embeddable":true,"href":"https:\/\/curatorial.ro\/en\/wp-json\/wp\/v2\/tags?post=50777"}],"curies":[{"name":"wp","href":"https:\/\/api.w.org\/{rel}","templated":true}]}}