{"id":51565,"date":"2025-04-16T08:15:45","date_gmt":"2025-04-16T05:15:45","guid":{"rendered":"https:\/\/curatorial.ro\/uncategorized-en\/nan-goldin-carlos-saura-and-valie-export-at-centro-andaluz-de-arte-contemporaneo-photo-gallery\/"},"modified":"2025-04-16T08:15:45","modified_gmt":"2025-04-16T05:15:45","slug":"nan-goldin-carlos-saura-and-valie-export-at-centro-andaluz-de-arte-contemporaneo-photo-gallery","status":"publish","type":"post","link":"https:\/\/curatorial.ro\/en\/art\/nan-goldin-carlos-saura-and-valie-export-at-centro-andaluz-de-arte-contemporaneo-photo-gallery\/","title":{"rendered":"Nan Goldin, Carlos Saura and Valie Export at Centro Andaluz de Arte Contempor\u00e1neo\/ photo gallery"},"content":{"rendered":"<p>Photographs by Nan Goldin, Carlos Saura and Valie Export, among others, are part of the Seville <a href=\"https:\/\/curatorial.ro\/arta\/femei-in-arta-pepa-caballero-constelatii-abstracte\/\" target=\"_blank\" rel=\"noopener\">Centro Andaluz de Arte Contempor\u00e1neo<\/a> collection, thanks to purchases and donations.<\/p>\n<p>Eighty artists are gathered under the title \u201cDiversidad en la colecci\u00f3n CAAC\u201d, which can be visited until May 25, 2025. Among them are Cristina Garc\u00eda Rodero, Mar\u00eda Ca\u00f1as, Pierre Gonnord, Agust\u00edn Parejo School, Ana Mendieta, Lotty Rosenfeld, Rogelio L\u00f3pez Cuenca. <\/p>\n<p>Curatorial visited the exhibition which brings together behavioral art and social images of the body, the social construction of the landscape, archival practices, memory and politics, photomontages, as curator Alberto Garc\u00eda-Alix explains.<br \/>\n\u201cThe collection is a mirror in which we can look at the many facets of our life and society\u201d.<\/p>\n<p><em>Photo credit: curatorial<\/em><\/p>\n<div id=\"attachment_51313\" style=\"width: 1310px\" class=\"wp-caption alignnone\"><img loading=\"lazy\" decoding=\"async\" aria-describedby=\"caption-attachment-51313\" class=\"size-full wp-image-51313\" src=\"https:\/\/curatorial.ro\/wp-content\/uploads\/2025\/04\/Nan-Goldin-curatorial.jpg\" alt=\"nan goldin, curatorial\" width=\"1300\" height=\"975\" srcset=\"https:\/\/curatorial.ro\/wp-content\/uploads\/2025\/04\/Nan-Goldin-curatorial.jpg 1300w, https:\/\/curatorial.ro\/wp-content\/uploads\/2025\/04\/Nan-Goldin-curatorial-480x360.jpg 480w, https:\/\/curatorial.ro\/wp-content\/uploads\/2025\/04\/Nan-Goldin-curatorial-975x731.jpg 975w, https:\/\/curatorial.ro\/wp-content\/uploads\/2025\/04\/Nan-Goldin-curatorial-768x576.jpg 768w\" sizes=\"auto, (max-width: 1300px) 100vw, 1300px\" \/><p id=\"caption-attachment-51313\" class=\"wp-caption-text\">Nan Goldin, curatorial<\/p><\/div>\n<div id=\"attachment_51315\" style=\"width: 1310px\" class=\"wp-caption alignnone\"><img loading=\"lazy\" decoding=\"async\" aria-describedby=\"caption-attachment-51315\" class=\"size-full wp-image-51315\" src=\"https:\/\/curatorial.ro\/wp-content\/uploads\/2025\/04\/Valie-Export-curatorial.jpg\" alt=\"valie export, curatorial\" width=\"1300\" height=\"975\" srcset=\"https:\/\/curatorial.ro\/wp-content\/uploads\/2025\/04\/Valie-Export-curatorial.jpg 1300w, https:\/\/curatorial.ro\/wp-content\/uploads\/2025\/04\/Valie-Export-curatorial-480x360.jpg 480w, https:\/\/curatorial.ro\/wp-content\/uploads\/2025\/04\/Valie-Export-curatorial-975x731.jpg 975w, https:\/\/curatorial.ro\/wp-content\/uploads\/2025\/04\/Valie-Export-curatorial-768x576.jpg 768w\" sizes=\"auto, (max-width: 1300px) 100vw, 1300px\" \/><p id=\"caption-attachment-51315\" class=\"wp-caption-text\">Valie Export, curatorial<\/p><\/div>\n<div id=\"attachment_51317\" style=\"width: 1310px\" class=\"wp-caption alignnone\"><img loading=\"lazy\" decoding=\"async\" aria-describedby=\"caption-attachment-51317\" class=\"wp-image-51317 size-full\" src=\"https:\/\/curatorial.ro\/wp-content\/uploads\/2025\/04\/Carlos-Saura-curatorial.jpg\" alt=\"carlos saura, curatorial\" width=\"1300\" height=\"1247\" srcset=\"https:\/\/curatorial.ro\/wp-content\/uploads\/2025\/04\/Carlos-Saura-curatorial.jpg 1300w, https:\/\/curatorial.ro\/wp-content\/uploads\/2025\/04\/Carlos-Saura-curatorial-375x360.jpg 375w, https:\/\/curatorial.ro\/wp-content\/uploads\/2025\/04\/Carlos-Saura-curatorial-762x731.jpg 762w, https:\/\/curatorial.ro\/wp-content\/uploads\/2025\/04\/Carlos-Saura-curatorial-768x737.jpg 768w\" sizes=\"auto, (max-width: 1300px) 100vw, 1300px\" \/><p id=\"caption-attachment-51317\" class=\"wp-caption-text\">Carlos Saura<\/p><\/div>\n<div id=\"attachment_51319\" style=\"width: 1310px\" class=\"wp-caption alignnone\"><img loading=\"lazy\" decoding=\"async\" aria-describedby=\"caption-attachment-51319\" class=\"size-full wp-image-51319\" src=\"https:\/\/curatorial.ro\/wp-content\/uploads\/2025\/04\/Diversidad-en-la-Coleccion-CAAC.-1-curatorial.jpg\" alt=\"diversidad en la colecci\u00f3n caac. 1, curatorial\" width=\"1300\" height=\"846\" srcset=\"https:\/\/curatorial.ro\/wp-content\/uploads\/2025\/04\/Diversidad-en-la-Coleccion-CAAC.-1-curatorial.jpg 1300w, https:\/\/curatorial.ro\/wp-content\/uploads\/2025\/04\/Diversidad-en-la-Coleccion-CAAC.-1-curatorial-553x360.jpg 553w, https:\/\/curatorial.ro\/wp-content\/uploads\/2025\/04\/Diversidad-en-la-Coleccion-CAAC.-1-curatorial-1123x731.jpg 1123w, https:\/\/curatorial.ro\/wp-content\/uploads\/2025\/04\/Diversidad-en-la-Coleccion-CAAC.-1-curatorial-768x500.jpg 768w\" sizes=\"auto, (max-width: 1300px) 100vw, 1300px\" \/><p id=\"caption-attachment-51319\" class=\"wp-caption-text\">Diversidad en la colecci\u00f3n CAAC<\/p><\/div>\n<div id=\"attachment_51321\" style=\"width: 1310px\" class=\"wp-caption alignnone\"><img loading=\"lazy\" decoding=\"async\" aria-describedby=\"caption-attachment-51321\" class=\"size-full wp-image-51321\" src=\"https:\/\/curatorial.ro\/wp-content\/uploads\/2025\/04\/Diversidad-en-la-Coleccion-CAAC.-2-curatorial.jpg\" alt=\"diversidad en la colecci\u00f3n caac. 2, curatorial\" width=\"1300\" height=\"807\" srcset=\"https:\/\/curatorial.ro\/wp-content\/uploads\/2025\/04\/Diversidad-en-la-Coleccion-CAAC.-2-curatorial.jpg 1300w, https:\/\/curatorial.ro\/wp-content\/uploads\/2025\/04\/Diversidad-en-la-Coleccion-CAAC.-2-curatorial-580x360.jpg 580w, https:\/\/curatorial.ro\/wp-content\/uploads\/2025\/04\/Diversidad-en-la-Coleccion-CAAC.-2-curatorial-1178x731.jpg 1178w, https:\/\/curatorial.ro\/wp-content\/uploads\/2025\/04\/Diversidad-en-la-Coleccion-CAAC.-2-curatorial-768x477.jpg 768w\" sizes=\"auto, (max-width: 1300px) 100vw, 1300px\" \/><p id=\"caption-attachment-51321\" class=\"wp-caption-text\">Diversidad en la colecci\u00f3n CAAC<\/p><\/div>\n<div id=\"attachment_51323\" style=\"width: 1310px\" class=\"wp-caption alignnone\"><img loading=\"lazy\" decoding=\"async\" aria-describedby=\"caption-attachment-51323\" class=\"size-full wp-image-51323\" src=\"https:\/\/curatorial.ro\/wp-content\/uploads\/2025\/04\/Marta-Minujin-curatorial.jpg\" alt=\"marta minujin, curatorial\" width=\"1300\" height=\"1582\" srcset=\"https:\/\/curatorial.ro\/wp-content\/uploads\/2025\/04\/Marta-Minujin-curatorial.jpg 1300w, https:\/\/curatorial.ro\/wp-content\/uploads\/2025\/04\/Marta-Minujin-curatorial-296x360.jpg 296w, https:\/\/curatorial.ro\/wp-content\/uploads\/2025\/04\/Marta-Minujin-curatorial-601x731.jpg 601w, https:\/\/curatorial.ro\/wp-content\/uploads\/2025\/04\/Marta-Minujin-curatorial-768x935.jpg 768w, https:\/\/curatorial.ro\/wp-content\/uploads\/2025\/04\/Marta-Minujin-curatorial-1262x1536.jpg 1262w\" sizes=\"auto, (max-width: 1300px) 100vw, 1300px\" \/><p id=\"caption-attachment-51323\" class=\"wp-caption-text\">Marta Minujin<\/p><\/div>\n<div id=\"attachment_51325\" style=\"width: 1310px\" class=\"wp-caption alignnone\"><img loading=\"lazy\" decoding=\"async\" aria-describedby=\"caption-attachment-51325\" class=\"size-full wp-image-51325\" src=\"https:\/\/curatorial.ro\/wp-content\/uploads\/2025\/04\/Diversidad-en-la-Coleccion-CAAC.-3-curatorial.jpg\" alt=\"diversidad en la colecci\u00f3n caac. 3, curatorial\" width=\"1300\" height=\"1264\" srcset=\"https:\/\/curatorial.ro\/wp-content\/uploads\/2025\/04\/Diversidad-en-la-Coleccion-CAAC.-3-curatorial.jpg 1300w, https:\/\/curatorial.ro\/wp-content\/uploads\/2025\/04\/Diversidad-en-la-Coleccion-CAAC.-3-curatorial-370x360.jpg 370w, https:\/\/curatorial.ro\/wp-content\/uploads\/2025\/04\/Diversidad-en-la-Coleccion-CAAC.-3-curatorial-752x731.jpg 752w, https:\/\/curatorial.ro\/wp-content\/uploads\/2025\/04\/Diversidad-en-la-Coleccion-CAAC.-3-curatorial-768x747.jpg 768w\" sizes=\"auto, (max-width: 1300px) 100vw, 1300px\" \/><p id=\"caption-attachment-51325\" class=\"wp-caption-text\">Diversidad en la colecci\u00f3n CAAC<\/p><\/div>\n","protected":false},"excerpt":{"rendered":"<p>Photographs by Nan Goldin, Carlos Saura and Valie Export, among others, are part of the Seville Centro Andaluz de Arte Contempor\u00e1neo collection, thanks to purchases and donations. Eighty artists are gathered under the title \u201cDiversidad en la colecci\u00f3n CAAC\u201d, which [&hellip;]<\/p>\n","protected":false},"author":6,"featured_media":51312,"comment_status":"closed","ping_status":"closed","sticky":false,"template":"","format":"standard","meta":{"_seopress_robots_primary_cat":"none","_seopress_titles_title":"","_seopress_titles_desc":"","_seopress_robots_index":"","footnotes":""},"categories":[6965,6967],"tags":[7121,7048,7101],"class_list":{"0":"post-51565","1":"post","2":"type-post","3":"status-publish","4":"format-standard","5":"has-post-thumbnail","7":"category-art","8":"category-society","9":"tag-collection","10":"tag-exhibition","11":"tag-photo-en"},"_links":{"self":[{"href":"https:\/\/curatorial.ro\/en\/wp-json\/wp\/v2\/posts\/51565","targetHints":{"allow":["GET"]}}],"collection":[{"href":"https:\/\/curatorial.ro\/en\/wp-json\/wp\/v2\/posts"}],"about":[{"href":"https:\/\/curatorial.ro\/en\/wp-json\/wp\/v2\/types\/post"}],"author":[{"embeddable":true,"href":"https:\/\/curatorial.ro\/en\/wp-json\/wp\/v2\/users\/6"}],"replies":[{"embeddable":true,"href":"https:\/\/curatorial.ro\/en\/wp-json\/wp\/v2\/comments?post=51565"}],"version-history":[{"count":0,"href":"https:\/\/curatorial.ro\/en\/wp-json\/wp\/v2\/posts\/51565\/revisions"}],"wp:featuredmedia":[{"embeddable":true,"href":"https:\/\/curatorial.ro\/en\/wp-json\/wp\/v2\/media\/51312"}],"wp:attachment":[{"href":"https:\/\/curatorial.ro\/en\/wp-json\/wp\/v2\/media?parent=51565"}],"wp:term":[{"taxonomy":"category","embeddable":true,"href":"https:\/\/curatorial.ro\/en\/wp-json\/wp\/v2\/categories?post=51565"},{"taxonomy":"post_tag","embeddable":true,"href":"https:\/\/curatorial.ro\/en\/wp-json\/wp\/v2\/tags?post=51565"}],"curies":[{"name":"wp","href":"https:\/\/api.w.org\/{rel}","templated":true}]}}