{"id":54689,"date":"2025-07-15T12:54:55","date_gmt":"2025-07-15T09:54:55","guid":{"rendered":"https:\/\/curatorial.ro\/uncategorized-en\/dozens-of-objects-will-be-exhibited-for-the-first-time-in-the-oriental-art-gallery-of-mnar\/"},"modified":"2025-07-15T12:54:55","modified_gmt":"2025-07-15T09:54:55","slug":"dozens-of-objects-will-be-exhibited-for-the-first-time-in-the-oriental-art-gallery-of-mnar","status":"publish","type":"post","link":"https:\/\/curatorial.ro\/en\/art\/dozens-of-objects-will-be-exhibited-for-the-first-time-in-the-oriental-art-gallery-of-mnar\/","title":{"rendered":"Dozens of objects will be exhibited for the first time in the Oriental Art Gallery of MNAR"},"content":{"rendered":"<p>Ninety objects will be exhibited for the first time in the Oriental Art Gallery of the National Art Museum of Romania (MNAR), starting August.<\/p>\n<p>The institution has announced that from July 30 to August 1 both the Oriental Art Gallery and the Gallery of European Decorative Art will be closed for the refurbishment of the exhibition space.<\/p>\n<p>They will reopen on August 2.<\/p>\n<p><a href=\"https:\/\/curatorial.ro\/arta\/cum-arata-galeria-de-arta-orientala-de-la-mnar\/\" target=\"_blank\" rel=\"noopener\">Galeria de Art\u0103 Oriental\u0103\/<\/a>The Oriental Art Gallery, inaugurated in November 2024 after 16 years of preparation, hosts hundreds of art objects from countries such as Azerbaijan, Bulgaria, China, Dagestan, Egypt, Greece, India, Iran, Japan, Syria, Turkey, Turkmenistan, Uzbekistan, selected from the most important and valuable patrimony of Oriental and Far Eastern art in the country, managed by the National Art Museum of Romania.<\/p>\n<p>Among the novelties on display since August in the seven rooms on the third floor of the MNAR is a polychrome woodcut by Utagawa Kunisada (1786 &#8211; 1865) called &#8220;Craftsmen&#8221; (1858).<\/p>\n<p><a href=\"https:\/\/curatorial.ro\/arta\/galeria-de-arta-decorativa-europeana-sute-de-piese-din-secolele-xvi-xix-in-sase-sali-la-mnar-foto\/\" target=\"_blank\" rel=\"noopener\">Galeria de Art\u0103 Decorativ\u0103 European\u0103<\/a> \/The Gallery of European Decorative Art opening in January 2024, which has been in preparation for a decade, brings together hundreds of objects dating from the 16th to 19th centuries from prestigious workshops in Europe and occupies six rooms on the third floor of the museum&#8217;s A2 building.<\/p>\n<div id=\"_R_lalatana6daammjabiqapapd5aqH3_\" class=\"html-div xdj266r x14z9mp xat24cr x1lziwak xexx8yu xyri2b x18d9i69 x1c1uobl x1n2onr6\"><\/div>\n","protected":false},"excerpt":{"rendered":"<p>Ninety objects will be exhibited for the first time in the Oriental Art Gallery of the National Art Museum of Romania (MNAR), starting August. The institution has announced that from July 30 to August 1 both the Oriental Art Gallery [&hellip;]<\/p>\n","protected":false},"author":6,"featured_media":54548,"comment_status":"closed","ping_status":"closed","sticky":false,"template":"","format":"standard","meta":{"_seopress_robots_primary_cat":"none","_seopress_titles_title":"","_seopress_titles_desc":"","_seopress_robots_index":"","footnotes":""},"categories":[6965],"tags":[7218,7051,7158],"class_list":{"0":"post-54689","1":"post","2":"type-post","3":"status-publish","4":"format-standard","5":"has-post-thumbnail","7":"category-art","8":"tag-gallery","9":"tag-inspiration","10":"tag-mnar-en"},"_links":{"self":[{"href":"https:\/\/curatorial.ro\/en\/wp-json\/wp\/v2\/posts\/54689","targetHints":{"allow":["GET"]}}],"collection":[{"href":"https:\/\/curatorial.ro\/en\/wp-json\/wp\/v2\/posts"}],"about":[{"href":"https:\/\/curatorial.ro\/en\/wp-json\/wp\/v2\/types\/post"}],"author":[{"embeddable":true,"href":"https:\/\/curatorial.ro\/en\/wp-json\/wp\/v2\/users\/6"}],"replies":[{"embeddable":true,"href":"https:\/\/curatorial.ro\/en\/wp-json\/wp\/v2\/comments?post=54689"}],"version-history":[{"count":0,"href":"https:\/\/curatorial.ro\/en\/wp-json\/wp\/v2\/posts\/54689\/revisions"}],"wp:featuredmedia":[{"embeddable":true,"href":"https:\/\/curatorial.ro\/en\/wp-json\/wp\/v2\/media\/54548"}],"wp:attachment":[{"href":"https:\/\/curatorial.ro\/en\/wp-json\/wp\/v2\/media?parent=54689"}],"wp:term":[{"taxonomy":"category","embeddable":true,"href":"https:\/\/curatorial.ro\/en\/wp-json\/wp\/v2\/categories?post=54689"},{"taxonomy":"post_tag","embeddable":true,"href":"https:\/\/curatorial.ro\/en\/wp-json\/wp\/v2\/tags?post=54689"}],"curies":[{"name":"wp","href":"https:\/\/api.w.org\/{rel}","templated":true}]}}