{"id":58024,"date":"2025-10-21T16:41:35","date_gmt":"2025-10-21T13:41:35","guid":{"rendered":"https:\/\/curatorial.ro\/uncategorized-en\/first-national-sculpture-exhibition-in-sibiu-photo-gallery\/"},"modified":"2025-10-27T16:41:58","modified_gmt":"2025-10-27T14:41:58","slug":"first-national-sculpture-exhibition-in-sibiu-photo-gallery","status":"publish","type":"post","link":"https:\/\/curatorial.ro\/en\/art\/first-national-sculpture-exhibition-in-sibiu-photo-gallery\/","title":{"rendered":"First National Sculpture Exhibition in Sibiu\/ photo gallery"},"content":{"rendered":"<p style=\"line-height: 16.5pt; background: white; margin: 0in 0in 7.5pt 0in;\"><span style=\"background: white;\">First National Sculpture Exhibition, organized at the UAP Sibiu Gallery, brings together works by 23 professional artists, members of the Union of Visual Artists branches in Sibiu, Alba, Arad, and V\u00e2lcea.<\/span><\/p>\n<div id=\"attachment_57783\" style=\"width: 1310px\" class=\"wp-caption alignnone\"><img loading=\"lazy\" decoding=\"async\" aria-describedby=\"caption-attachment-57783\" class=\"wp-image-57783 size-full\" src=\"https:\/\/curatorial.ro\/wp-content\/uploads\/2025\/10\/Salon-de-Sculptura-UAP-Sibiu.jpg\" alt=\"salon de sculptura uap sibiu\" width=\"1300\" height=\"975\" srcset=\"https:\/\/curatorial.ro\/wp-content\/uploads\/2025\/10\/Salon-de-Sculptura-UAP-Sibiu.jpg 1300w, https:\/\/curatorial.ro\/wp-content\/uploads\/2025\/10\/Salon-de-Sculptura-UAP-Sibiu-480x360.jpg 480w, https:\/\/curatorial.ro\/wp-content\/uploads\/2025\/10\/Salon-de-Sculptura-UAP-Sibiu-975x731.jpg 975w, https:\/\/curatorial.ro\/wp-content\/uploads\/2025\/10\/Salon-de-Sculptura-UAP-Sibiu-768x576.jpg 768w\" sizes=\"auto, (max-width: 1300px) 100vw, 1300px\" \/><p id=\"caption-attachment-57783\" class=\"wp-caption-text\"><em>National Sculpture Exhibition, UAP Sibiu Gallery, photo: curatorial<\/em><\/p><\/div>\n<div id=\"attachment_57785\" style=\"width: 1310px\" class=\"wp-caption alignnone\"><img loading=\"lazy\" decoding=\"async\" aria-describedby=\"caption-attachment-57785\" class=\"wp-image-57785 size-full\" src=\"https:\/\/curatorial.ro\/wp-content\/uploads\/2025\/10\/Salon-de-Sculptura-UAP-Sibiu7.jpg\" alt=\"salon de sculptura uap sibiu7\" width=\"1300\" height=\"975\" srcset=\"https:\/\/curatorial.ro\/wp-content\/uploads\/2025\/10\/Salon-de-Sculptura-UAP-Sibiu7.jpg 1300w, https:\/\/curatorial.ro\/wp-content\/uploads\/2025\/10\/Salon-de-Sculptura-UAP-Sibiu7-480x360.jpg 480w, https:\/\/curatorial.ro\/wp-content\/uploads\/2025\/10\/Salon-de-Sculptura-UAP-Sibiu7-975x731.jpg 975w, https:\/\/curatorial.ro\/wp-content\/uploads\/2025\/10\/Salon-de-Sculptura-UAP-Sibiu7-768x576.jpg 768w\" sizes=\"auto, (max-width: 1300px) 100vw, 1300px\" \/><p id=\"caption-attachment-57785\" class=\"wp-caption-text\"><em>National Sculpture Exhibition, UAP Sibiu Gallery, photo: curatorial<\/em><\/p><\/div>\n<div id=\"attachment_57787\" style=\"width: 1310px\" class=\"wp-caption alignnone\"><img loading=\"lazy\" decoding=\"async\" aria-describedby=\"caption-attachment-57787\" class=\"wp-image-57787 size-full\" src=\"https:\/\/curatorial.ro\/wp-content\/uploads\/2025\/10\/Salon-de-Sculptura-UAP-Sibiu8.jpg\" alt=\"salon de sculptura uap sibiu8\" width=\"1300\" height=\"975\" srcset=\"https:\/\/curatorial.ro\/wp-content\/uploads\/2025\/10\/Salon-de-Sculptura-UAP-Sibiu8.jpg 1300w, https:\/\/curatorial.ro\/wp-content\/uploads\/2025\/10\/Salon-de-Sculptura-UAP-Sibiu8-480x360.jpg 480w, https:\/\/curatorial.ro\/wp-content\/uploads\/2025\/10\/Salon-de-Sculptura-UAP-Sibiu8-975x731.jpg 975w, https:\/\/curatorial.ro\/wp-content\/uploads\/2025\/10\/Salon-de-Sculptura-UAP-Sibiu8-768x576.jpg 768w\" sizes=\"auto, (max-width: 1300px) 100vw, 1300px\" \/><p id=\"caption-attachment-57787\" class=\"wp-caption-text\"><em>National Sculpture Exhibition, UAP Sibiu Gallery, photo: curatorial<\/em><\/p><\/div>\n<div id=\"attachment_57789\" style=\"width: 1310px\" class=\"wp-caption alignnone\"><img loading=\"lazy\" decoding=\"async\" aria-describedby=\"caption-attachment-57789\" class=\"wp-image-57789 size-full\" src=\"https:\/\/curatorial.ro\/wp-content\/uploads\/2025\/10\/Salon-de-Sculptura-UAP-Sibiu6.jpg\" alt=\"salon de sculptura uap sibiu6\" width=\"1300\" height=\"975\" srcset=\"https:\/\/curatorial.ro\/wp-content\/uploads\/2025\/10\/Salon-de-Sculptura-UAP-Sibiu6.jpg 1300w, https:\/\/curatorial.ro\/wp-content\/uploads\/2025\/10\/Salon-de-Sculptura-UAP-Sibiu6-480x360.jpg 480w, https:\/\/curatorial.ro\/wp-content\/uploads\/2025\/10\/Salon-de-Sculptura-UAP-Sibiu6-975x731.jpg 975w, https:\/\/curatorial.ro\/wp-content\/uploads\/2025\/10\/Salon-de-Sculptura-UAP-Sibiu6-768x576.jpg 768w\" sizes=\"auto, (max-width: 1300px) 100vw, 1300px\" \/><p id=\"caption-attachment-57789\" class=\"wp-caption-text\"><em>National Sculpture Exhibition, UAP Sibiu Gallery, photo: curatorial<\/em><\/p><\/div>\n<div id=\"attachment_57792\" style=\"width: 1310px\" class=\"wp-caption alignnone\"><img loading=\"lazy\" decoding=\"async\" aria-describedby=\"caption-attachment-57792\" class=\"wp-image-57792 size-full\" src=\"https:\/\/curatorial.ro\/wp-content\/uploads\/2025\/10\/Salon-de-Sculptura-UAP-Sibiu1.jpg\" alt=\"salon de sculptura uap sibiu1\" width=\"1300\" height=\"975\" srcset=\"https:\/\/curatorial.ro\/wp-content\/uploads\/2025\/10\/Salon-de-Sculptura-UAP-Sibiu1.jpg 1300w, https:\/\/curatorial.ro\/wp-content\/uploads\/2025\/10\/Salon-de-Sculptura-UAP-Sibiu1-480x360.jpg 480w, https:\/\/curatorial.ro\/wp-content\/uploads\/2025\/10\/Salon-de-Sculptura-UAP-Sibiu1-975x731.jpg 975w, https:\/\/curatorial.ro\/wp-content\/uploads\/2025\/10\/Salon-de-Sculptura-UAP-Sibiu1-768x576.jpg 768w\" sizes=\"auto, (max-width: 1300px) 100vw, 1300px\" \/><p id=\"caption-attachment-57792\" class=\"wp-caption-text\"><em>National Sculpture Exhibition, UAP Sibiu Gallery, photo: curatorial<\/em><\/p><\/div>\n<p style=\"line-height: 16.5pt; background: white; margin: 0in 0in 7.5pt 0in;\"><span style=\"background: white;\">Constantin F\u00eent\u00een\u0103, Cezar Stanciu, Dan Fr\u0103ticiu, C\u0103lin Baciu, Ioan C\u00e2ndea, Crina Oprean, Florin Viorel, Florin Marin, Florin Magda, Ioan Bogdan, Hora\u021biu L\u0103pu\u0219ean, Anadora Lupo, Elena Ila\u0219, Vlad Berte, Darius Hulea, Mihai Iancovescu Rudeanu, Niu Heri\u0219anu, Ioan T\u0103m\u00e2ian, Ema Hri\u021bcu, Radu Ignat, Irina Ene, and Horia Ciontea are the artists included in the show.<\/span><\/p>\n<div id=\"attachment_57794\" style=\"width: 1310px\" class=\"wp-caption alignnone\"><img loading=\"lazy\" decoding=\"async\" aria-describedby=\"caption-attachment-57794\" class=\"wp-image-57794 size-full\" src=\"https:\/\/curatorial.ro\/wp-content\/uploads\/2025\/10\/Salon-de-Sculptura-UAP-Sibiu2.jpg\" alt=\"salon de sculptura uap sibiu2\" width=\"1300\" height=\"975\" srcset=\"https:\/\/curatorial.ro\/wp-content\/uploads\/2025\/10\/Salon-de-Sculptura-UAP-Sibiu2.jpg 1300w, https:\/\/curatorial.ro\/wp-content\/uploads\/2025\/10\/Salon-de-Sculptura-UAP-Sibiu2-480x360.jpg 480w, https:\/\/curatorial.ro\/wp-content\/uploads\/2025\/10\/Salon-de-Sculptura-UAP-Sibiu2-975x731.jpg 975w, https:\/\/curatorial.ro\/wp-content\/uploads\/2025\/10\/Salon-de-Sculptura-UAP-Sibiu2-768x576.jpg 768w\" sizes=\"auto, (max-width: 1300px) 100vw, 1300px\" \/><p id=\"caption-attachment-57794\" class=\"wp-caption-text\"><em>National Sculpture Exhibition, UAP Sibiu Gallery, photo: curatorial<\/em><\/p><\/div>\n<div id=\"attachment_57796\" style=\"width: 1310px\" class=\"wp-caption alignnone\"><img loading=\"lazy\" decoding=\"async\" aria-describedby=\"caption-attachment-57796\" class=\"wp-image-57796 size-full\" src=\"https:\/\/curatorial.ro\/wp-content\/uploads\/2025\/10\/Salon-de-Sculptura-UAP-Sibiu3.jpg\" alt=\"salon de sculptura uap sibiu3\" width=\"1300\" height=\"975\" srcset=\"https:\/\/curatorial.ro\/wp-content\/uploads\/2025\/10\/Salon-de-Sculptura-UAP-Sibiu3.jpg 1300w, https:\/\/curatorial.ro\/wp-content\/uploads\/2025\/10\/Salon-de-Sculptura-UAP-Sibiu3-480x360.jpg 480w, https:\/\/curatorial.ro\/wp-content\/uploads\/2025\/10\/Salon-de-Sculptura-UAP-Sibiu3-975x731.jpg 975w, https:\/\/curatorial.ro\/wp-content\/uploads\/2025\/10\/Salon-de-Sculptura-UAP-Sibiu3-768x576.jpg 768w\" sizes=\"auto, (max-width: 1300px) 100vw, 1300px\" \/><p id=\"caption-attachment-57796\" class=\"wp-caption-text\"><em>National Sculpture Exhibition, UAP Sibiu Gallery, photo: curatorial<\/em><\/p><\/div>\n<p style=\"line-height: 16.5pt; background: white; margin: 0in 0in 7.5pt 0in;\">The exhibition is characterized by the stylistic variety of the works, but also by the materials used\u2014wood, stone, bronze, ceramics, glass, metal, and innovative mixed techniques.<\/p>\n<p style=\"line-height: 16.5pt; background: white; margin: 0in 0in 7.5pt 0in;\">It offers the public a nuanced view of the contemporary sculpture landscape, a meeting place between tradition, innovation, and aesthetic reflection.<\/p>\n<p style=\"line-height: 16.5pt; background: white; margin: 0in 0in 7.5pt 0in;\"><span style=\"background: white;\">The curator of the exhibition is Alexandra Runcan <\/span>.<\/p>\n<p>The show remains open daily, between 14.00 and 18.00, until November.<\/p>\n","protected":false},"excerpt":{"rendered":"<p>First National Sculpture Exhibition, organized at the UAP Sibiu Gallery, brings together works by 23 professional artists, members of the Union of Visual Artists branches in Sibiu, Alba, Arad, and V\u00e2lcea. Constantin F\u00eent\u00een\u0103, Cezar Stanciu, Dan Fr\u0103ticiu, C\u0103lin Baciu, Ioan [&hellip;]<\/p>\n","protected":false},"author":4,"featured_media":57782,"comment_status":"closed","ping_status":"closed","sticky":false,"template":"","format":"standard","meta":{"_seopress_robots_primary_cat":"none","_seopress_titles_title":"","_seopress_titles_desc":"","_seopress_robots_index":"","footnotes":""},"categories":[6965],"tags":[7048,7051,7812,7811],"class_list":{"0":"post-58024","1":"post","2":"type-post","3":"status-publish","4":"format-standard","5":"has-post-thumbnail","7":"category-art","8":"tag-exhibition","9":"tag-inspiration","10":"tag-salon-national-de-sculptura-sibiu-en","11":"tag-uap-en"},"_links":{"self":[{"href":"https:\/\/curatorial.ro\/en\/wp-json\/wp\/v2\/posts\/58024","targetHints":{"allow":["GET"]}}],"collection":[{"href":"https:\/\/curatorial.ro\/en\/wp-json\/wp\/v2\/posts"}],"about":[{"href":"https:\/\/curatorial.ro\/en\/wp-json\/wp\/v2\/types\/post"}],"author":[{"embeddable":true,"href":"https:\/\/curatorial.ro\/en\/wp-json\/wp\/v2\/users\/4"}],"replies":[{"embeddable":true,"href":"https:\/\/curatorial.ro\/en\/wp-json\/wp\/v2\/comments?post=58024"}],"version-history":[{"count":0,"href":"https:\/\/curatorial.ro\/en\/wp-json\/wp\/v2\/posts\/58024\/revisions"}],"wp:featuredmedia":[{"embeddable":true,"href":"https:\/\/curatorial.ro\/en\/wp-json\/wp\/v2\/media\/57782"}],"wp:attachment":[{"href":"https:\/\/curatorial.ro\/en\/wp-json\/wp\/v2\/media?parent=58024"}],"wp:term":[{"taxonomy":"category","embeddable":true,"href":"https:\/\/curatorial.ro\/en\/wp-json\/wp\/v2\/categories?post=58024"},{"taxonomy":"post_tag","embeddable":true,"href":"https:\/\/curatorial.ro\/en\/wp-json\/wp\/v2\/tags?post=58024"}],"curies":[{"name":"wp","href":"https:\/\/api.w.org\/{rel}","templated":true}]}}