{"id":60864,"date":"2026-01-15T18:20:35","date_gmt":"2026-01-15T16:20:35","guid":{"rendered":"https:\/\/curatorial.ro\/uncategorized-en\/anca-benera-and-arnold-estefan-represent-romania-at-the-venice-art-biennale-2026\/"},"modified":"2026-01-20T15:27:38","modified_gmt":"2026-01-20T13:27:38","slug":"anca-benera-and-arnold-estefan-represent-romania-at-the-venice-art-biennale-2026","status":"publish","type":"post","link":"https:\/\/curatorial.ro\/en\/art\/anca-benera-and-arnold-estefan-represent-romania-at-the-venice-art-biennale-2026\/","title":{"rendered":"Anca Benera and Arnold Estef\u00e1n represent Romania at the Venice Art Biennale 2026"},"content":{"rendered":"<p>The artistic duo Anca Benera &#8211; Arnold Estef\u00e1n represent Romania at the Venice Art Biennale 2026, after the national competition for projects was not contested. The curators are Corina Oprea and Diana Marincu. <\/p>\n<p>On January 12 it was announced that after the second round of the competition, the project &#8220;<a href=\"https:\/\/curatorial.ro\/arta\/bienala-de-arta-venetia-2026-marea-neagra-la-plural-castigatorul-concursului-national\/\" target=\"_blank\" rel=\"noopener\">Black Seas<\/a> &#8211; Scores for the Sonic Eye&#8221; was the winner. The names of the creators were announced after the deadline for objections. <\/p>\n<p>The project received 597 points in the second round, resulting in an average score of 85.28 p. Details to be announced. <\/p>\n<h2><strong>About artists and curators<\/strong><\/h2>\n<p>Anca Benera and Arnold Estefan have been collaborating as an artistic duo since 2012, living and working in Vienna and Bucharest. Their artistic practice is research-based, following the hidden or invisible patterns behind certain historical, social or geopolitical narratives. Their works are articulated in a variety of genres, formats and media, including installation, video, drawing or performance.<br \/>\nIn 2022, they were awarded the Birgit J\u00fcrgenssen Prize by the Ministry of Arts and Culture (BMKOES) and the Academy of Fine Arts in Vienna.<\/p>\n<p>Corina Oprea &#8211; curator, editor and researcher &#8211; specializes in contemporary art, visual and performance culture. Oprea is co-editor of the anthology Climate: Our Right to Breathe, published by K Verlag in 2023. He was the editor-in-chief of L&#8217;Internationale Online, the digital platform for research and the arts of a network of more than 15 European museums and arts organizations, and a lecturer at HDK-Valand, Gothenburg. Between 2017 and 2018, he was artistic director of Konsthall C in Stockholm, with a program dedicated to decolonization in the North. She has a PhD from Loughborough University, with the thesis &#8220;The End of the Curator &#8211; on curatorial acts as collective production of knowledge&#8221;, and was curator of the program Timisoara 2023 &#8211; European Capital of Culture and the inaugural exhibition &#8220;Chronic desire\/ Thirst chronicle&#8221; and the closing program &#8220;Performance ZONA &amp;&#8221;. Born in 1981 in Bucharest, she lives and works in Stockholm.     <\/p>\n<p>Diana Marincu &#8211; curator and art critic &#8211; is a member of AICA (International Association of Art Critics) and IKT (International Association of Contemporary Art Curators), artistic director of the Art Encounters Foundation in Timisoara since 2018.<br \/>\nThe exhibitions he proposes start from an investigative method, and most of the time the questions they formulate resonate with the problems identified by artists in their practice, from the visual and narrative strategies of image construction, to the tension between subject and context, as well as the posthumanist turn in contemporary art.<br \/>\nBetween 2012 and 2018, she collaborated with the Plan B Foundation in Cluj and The Paintbrush Factory.<br \/>\nIn 2017, Diana Marincu curated together with Ami Barak the second edition of the Art Encounters Biennial in Timisoara, under the name &#8220;Life &#8211; How to Use&#8221;.<br \/>\nDuring the Romania-France Season, Diana Marincu curated two exhibitions in France: &#8220;Persona&#8221;, at MUCEM &#8211; Mus\u00e9e des Civilisations de l&#8217;Europe et de la M\u00e9diterran\u00e9e, Marseille (2019); &#8220;Manufacturing Nature \/ Naturalizing the Synthetic&#8221;, Frac des Pays de la Loire (2018).<br \/>\nShe is the winner of the Bega Art Prize 2022.<\/p>\n<p>The 61st edition of the International Art Exhibition &#8211; la Biennale di Venezia will take place from May 9 to November 22, with a preview for specialists and the press from May 6 to 8, 2026. The theme of the edition is &#8220;<a href=\"https:\/\/curatorial.ro\/arta\/bienala-de-arta-de-la-venetia-2026-in-minor-keys\/\">In Minor Keys<\/a>&#8220;. At the 60th International Art Exhibition, Romania was represented by the project &#8220;Ce este munca\/ What Work Is&#8221;, signed by \u0218erban Savu.  <\/p>\n","protected":false},"excerpt":{"rendered":"<p>The artistic duo Anca Benera &#8211; Arnold Estef\u00e1n represent Romania at the Venice Art Biennale 2026, after the national competition for projects was not contested. The curators are Corina Oprea and Diana Marincu. On January 12 it was announced that [&hellip;]<\/p>\n","protected":false},"author":4,"featured_media":43654,"comment_status":"closed","ping_status":"closed","sticky":false,"template":"","format":"standard","meta":{"_seopress_robots_primary_cat":"none","_seopress_titles_title":"","_seopress_titles_desc":"","_seopress_robots_index":"","footnotes":""},"categories":[6965],"tags":[8004,8005,7048,7188,8003],"class_list":{"0":"post-60864","1":"post","2":"type-post","3":"status-publish","4":"format-standard","5":"has-post-thumbnail","7":"category-art","8":"tag-anca-benera","9":"tag-arnold-estefan","10":"tag-exhibition","11":"tag-flag","12":"tag-venice-art-biennale"},"_links":{"self":[{"href":"https:\/\/curatorial.ro\/en\/wp-json\/wp\/v2\/posts\/60864","targetHints":{"allow":["GET"]}}],"collection":[{"href":"https:\/\/curatorial.ro\/en\/wp-json\/wp\/v2\/posts"}],"about":[{"href":"https:\/\/curatorial.ro\/en\/wp-json\/wp\/v2\/types\/post"}],"author":[{"embeddable":true,"href":"https:\/\/curatorial.ro\/en\/wp-json\/wp\/v2\/users\/4"}],"replies":[{"embeddable":true,"href":"https:\/\/curatorial.ro\/en\/wp-json\/wp\/v2\/comments?post=60864"}],"version-history":[{"count":1,"href":"https:\/\/curatorial.ro\/en\/wp-json\/wp\/v2\/posts\/60864\/revisions"}],"predecessor-version":[{"id":60865,"href":"https:\/\/curatorial.ro\/en\/wp-json\/wp\/v2\/posts\/60864\/revisions\/60865"}],"wp:featuredmedia":[{"embeddable":true,"href":"https:\/\/curatorial.ro\/en\/wp-json\/wp\/v2\/media\/43654"}],"wp:attachment":[{"href":"https:\/\/curatorial.ro\/en\/wp-json\/wp\/v2\/media?parent=60864"}],"wp:term":[{"taxonomy":"category","embeddable":true,"href":"https:\/\/curatorial.ro\/en\/wp-json\/wp\/v2\/categories?post=60864"},{"taxonomy":"post_tag","embeddable":true,"href":"https:\/\/curatorial.ro\/en\/wp-json\/wp\/v2\/tags?post=60864"}],"curies":[{"name":"wp","href":"https:\/\/api.w.org\/{rel}","templated":true}]}}